{"id":4468,"date":"2025-10-01T10:30:27","date_gmt":"2025-10-01T08:30:27","guid":{"rendered":"https:\/\/www.ruch.de\/?p=4468"},"modified":"2026-03-06T11:33:28","modified_gmt":"2026-03-06T10:33:28","slug":"start-in-the-professional-world","status":"publish","type":"post","link":"https:\/\/www.ruch.de\/nl\/news\/start-in-the-professional-world\/","title":{"rendered":"Starten in de professionele wereld"},"content":{"rendered":"<div class=\"wpb-content-wrapper\"><p>[vc_row][vc_column width=&#8221;2\/12&#8243;][\/vc_column][vc_column width=&#8221;8\/12&#8243;][vc_column_text css=&#8221;&#8221;]<\/p>\n<h1>Starten in de professionele wereld<\/h1>\n<p>Begin september verwelkomde Managing Director Roland Zeifang zes nieuwe stagiairs in het bedrijf.<\/p>\n<p>RUCH NOVAPLAST leidt momenteel 18 mensen op in de industri\u00eble en commerci\u00eble sector, bijv. industri\u00eble bedienden, mechatronici, industri\u00eble monteurs en machine- en installatiebedieners. De start van het opleidingsprogramma begon met drie introductiedagen, waarbij de nieuwe teamleden boeiende inzichten kregen in onze bedrijfsdivisies en konden deelnemen aan de eerste trainingssessies.<\/p>\n<p>Een bijzonder hoogtepunt van de eerste week was de gezamenlijke dag bij het outdoor escape room spel, georganiseerd door de trainees uit de hogere opleidingsjaren. Deze activiteit zorgde niet alleen voor een welkome onderbreking van de dagelijkse werkroutine, maar stelde de stagiairs en trainers ook in staat om elkaar in een ontspannen omgeving beter te leren kennen en banden te smeden.<\/p>\n<p>We heten de nieuwe stagiairs van harte welkom en wensen hen veel succes op hun professionele reis bij RUCH NOVAPLAST.[\/vc_column_text][\/vc_column][vc_column width=&#8221;2\/12&#8243;][\/vc_column][\/vc_row][vc_row][vc_column width=&#8221;2\/12&#8243;][\/vc_column][vc_column width=&#8221;8\/12&#8243;][vc_single_image image=&#8221;3760&#8243; img_size=&#8221;full&#8221; css=&#8221;&#8221;]\n<div class=\"spacer spacer--large\" style=\"height:60px\"><\/div>\n<div class=\"spacer spacer--medium\" style=\"height:60px\"><\/div>\n<div class=\"spacer spacer--small\" style=\"height:60px\"><\/div>\n[\/vc_column][vc_column width=&#8221;2\/12&#8243;][\/vc_column][\/vc_row]<\/p>\n<\/div>","protected":false},"excerpt":{"rendered":"<p>Roland Zeifang, Managing Director van RUCH NOVAPLAST, verwelkomde zes nieuwe leerlingen bij de start van het opleidingsprogramma 2025.<\/p>\n","protected":false},"author":1,"featured_media":3760,"comment_status":"closed","ping_status":"closed","sticky":false,"template":"","format":"standard","meta":{"_acf_changed":false,"footnotes":""},"categories":[150,152],"tags":[],"class_list":["post-4468","post","type-post","status-publish","format-standard","has-post-thumbnail","hentry","category-bedrijf","category-carriere"],"acf":[],"yoast_head":"<!-- This site is optimized with the Yoast SEO plugin v27.3 - https:\/\/yoast.com\/product\/yoast-seo-wordpress\/ -->\n<title>Start je carri\u00e8re | RUCH NOVAPLAST GmbH<\/title>\n<meta name=\"description\" content=\"Start van hun carri\u00e8re: Zes nieuwe leerlingen beginnen hun toekomst bij RUCH NOVAPLAST - met teamgeest, praktische relevantie en vooruitzichten.\" \/>\n<meta name=\"robots\" content=\"index, follow, max-snippet:-1, max-image-preview:large, max-video-preview:-1\" \/>\n<link rel=\"canonical\" href=\"https:\/\/www.ruch.de\/nl\/news\/start-in-the-professional-world\/\" \/>\n<meta property=\"og:locale\" content=\"nl_NL\" \/>\n<meta property=\"og:type\" content=\"article\" \/>\n<meta property=\"og:title\" content=\"Start je carri\u00e8re | RUCH NOVAPLAST GmbH\" \/>\n<meta property=\"og:description\" content=\"Start van hun carri\u00e8re: Zes nieuwe leerlingen beginnen hun toekomst bij RUCH NOVAPLAST - met teamgeest, praktische relevantie en vooruitzichten.\" \/>\n<meta property=\"og:url\" content=\"https:\/\/www.ruch.de\/nl\/news\/start-in-the-professional-world\/\" \/>\n<meta property=\"og:site_name\" content=\"RUCH NOVAPLAST\" \/>\n<meta property=\"article:publisher\" content=\"https:\/\/www.facebook.com\/ruchnovaplast\" \/>\n<meta property=\"article:published_time\" content=\"2025-10-01T08:30:27+00:00\" \/>\n<meta property=\"article:modified_time\" content=\"2026-03-06T10:33:28+00:00\" \/>\n<meta property=\"og:image\" content=\"https:\/\/www.ruch.de\/wp-content\/uploads\/2025\/01\/auszubildende-2023-ruch-novaplast.jpg\" \/>\n\t<meta property=\"og:image:width\" content=\"892\" \/>\n\t<meta property=\"og:image:height\" content=\"669\" \/>\n\t<meta property=\"og:image:type\" content=\"image\/png\" \/>\n<meta name=\"author\" content=\"opus\" \/>\n<meta name=\"twitter:card\" content=\"summary_large_image\" \/>\n<meta name=\"twitter:label1\" content=\"Geschreven door\" \/>\n\t<meta name=\"twitter:data1\" content=\"opus\" \/>\n\t<meta name=\"twitter:label2\" content=\"Geschatte leestijd\" \/>\n\t<meta name=\"twitter:data2\" content=\"2 minuten\" \/>\n<script type=\"application\/ld+json\" class=\"yoast-schema-graph\">{\"@context\":\"https:\\\/\\\/schema.org\",\"@graph\":[{\"@type\":\"NewsArticle\",\"@id\":\"https:\\\/\\\/www.ruch.de\\\/nl\\\/news\\\/start-in-the-professional-world\\\/#article\",\"isPartOf\":{\"@id\":\"https:\\\/\\\/www.ruch.de\\\/nl\\\/news\\\/start-in-the-professional-world\\\/\"},\"author\":{\"name\":\"opus\",\"@id\":\"https:\\\/\\\/www.ruch.de\\\/nl\\\/#\\\/schema\\\/person\\\/f86d94a497593bfd5eaa2adb106d5582\"},\"headline\":\"Starten in de professionele wereld\",\"datePublished\":\"2025-10-01T08:30:27+00:00\",\"dateModified\":\"2026-03-06T10:33:28+00:00\",\"mainEntityOfPage\":{\"@id\":\"https:\\\/\\\/www.ruch.de\\\/nl\\\/news\\\/start-in-the-professional-world\\\/\"},\"wordCount\":217,\"publisher\":{\"@id\":\"https:\\\/\\\/www.ruch.de\\\/nl\\\/#organization\"},\"image\":{\"@id\":\"https:\\\/\\\/www.ruch.de\\\/nl\\\/news\\\/start-in-the-professional-world\\\/#primaryimage\"},\"thumbnailUrl\":\"https:\\\/\\\/www.ruch.de\\\/wp-content\\\/uploads\\\/2025\\\/01\\\/auszubildende-2023-ruch-novaplast.jpg\",\"articleSection\":[\"Bedrijf\",\"Carri\u00e8re\"],\"inLanguage\":\"nl-NL\"},{\"@type\":\"WebPage\",\"@id\":\"https:\\\/\\\/www.ruch.de\\\/nl\\\/news\\\/start-in-the-professional-world\\\/\",\"url\":\"https:\\\/\\\/www.ruch.de\\\/nl\\\/news\\\/start-in-the-professional-world\\\/\",\"name\":\"Start je carri\u00e8re | RUCH NOVAPLAST GmbH\",\"isPartOf\":{\"@id\":\"https:\\\/\\\/www.ruch.de\\\/nl\\\/#website\"},\"primaryImageOfPage\":{\"@id\":\"https:\\\/\\\/www.ruch.de\\\/nl\\\/news\\\/start-in-the-professional-world\\\/#primaryimage\"},\"image\":{\"@id\":\"https:\\\/\\\/www.ruch.de\\\/nl\\\/news\\\/start-in-the-professional-world\\\/#primaryimage\"},\"thumbnailUrl\":\"https:\\\/\\\/www.ruch.de\\\/wp-content\\\/uploads\\\/2025\\\/01\\\/auszubildende-2023-ruch-novaplast.jpg\",\"datePublished\":\"2025-10-01T08:30:27+00:00\",\"dateModified\":\"2026-03-06T10:33:28+00:00\",\"description\":\"Start van hun carri\u00e8re: Zes nieuwe leerlingen beginnen hun toekomst bij RUCH NOVAPLAST - met teamgeest, praktische relevantie en vooruitzichten.\",\"breadcrumb\":{\"@id\":\"https:\\\/\\\/www.ruch.de\\\/nl\\\/news\\\/start-in-the-professional-world\\\/#breadcrumb\"},\"inLanguage\":\"nl-NL\",\"potentialAction\":[{\"@type\":\"ReadAction\",\"target\":[\"https:\\\/\\\/www.ruch.de\\\/nl\\\/news\\\/start-in-the-professional-world\\\/\"]}]},{\"@type\":\"ImageObject\",\"inLanguage\":\"nl-NL\",\"@id\":\"https:\\\/\\\/www.ruch.de\\\/nl\\\/news\\\/start-in-the-professional-world\\\/#primaryimage\",\"url\":\"https:\\\/\\\/www.ruch.de\\\/wp-content\\\/uploads\\\/2025\\\/01\\\/auszubildende-2023-ruch-novaplast.jpg\",\"contentUrl\":\"https:\\\/\\\/www.ruch.de\\\/wp-content\\\/uploads\\\/2025\\\/01\\\/auszubildende-2023-ruch-novaplast.jpg\",\"width\":892,\"height\":669,\"caption\":\"Groepsfoto van de stagiairs 2025 met instructeur | RUCH NOVAPLAST GmbH in Oberkirch\"},{\"@type\":\"BreadcrumbList\",\"@id\":\"https:\\\/\\\/www.ruch.de\\\/nl\\\/news\\\/start-in-the-professional-world\\\/#breadcrumb\",\"itemListElement\":[{\"@type\":\"ListItem\",\"position\":1,\"name\":\"Home\",\"item\":\"https:\\\/\\\/www.ruch.de\\\/nl\\\/\"},{\"@type\":\"ListItem\",\"position\":2,\"name\":\"Starten in de professionele wereld\"}]},{\"@type\":\"WebSite\",\"@id\":\"https:\\\/\\\/www.ruch.de\\\/nl\\\/#website\",\"url\":\"https:\\\/\\\/www.ruch.de\\\/nl\\\/\",\"name\":\"www.ruch.de\",\"description\":\"\",\"publisher\":{\"@id\":\"https:\\\/\\\/www.ruch.de\\\/nl\\\/#organization\"},\"potentialAction\":[{\"@type\":\"SearchAction\",\"target\":{\"@type\":\"EntryPoint\",\"urlTemplate\":\"https:\\\/\\\/www.ruch.de\\\/nl\\\/?s={search_term_string}\"},\"query-input\":{\"@type\":\"PropertyValueSpecification\",\"valueRequired\":true,\"valueName\":\"search_term_string\"}}],\"inLanguage\":\"nl-NL\"},{\"@type\":\"Organization\",\"@id\":\"https:\\\/\\\/www.ruch.de\\\/nl\\\/#organization\",\"name\":\"RUCH NOVAPLAST GmbH\",\"url\":\"https:\\\/\\\/www.ruch.de\\\/nl\\\/\",\"logo\":{\"@type\":\"ImageObject\",\"inLanguage\":\"nl-NL\",\"@id\":\"https:\\\/\\\/www.ruch.de\\\/nl\\\/#\\\/schema\\\/logo\\\/image\\\/\",\"url\":\"https:\\\/\\\/www.ruch.de\\\/wp-content\\\/uploads\\\/2024\\\/11\\\/ruch-novaplast-logo-black.svg\",\"contentUrl\":\"https:\\\/\\\/www.ruch.de\\\/wp-content\\\/uploads\\\/2024\\\/11\\\/ruch-novaplast-logo-black.svg\",\"width\":1802,\"height\":338,\"caption\":\"RUCH NOVAPLAST GmbH\"},\"image\":{\"@id\":\"https:\\\/\\\/www.ruch.de\\\/nl\\\/#\\\/schema\\\/logo\\\/image\\\/\"},\"sameAs\":[\"https:\\\/\\\/www.facebook.com\\\/ruchnovaplast\",\"https:\\\/\\\/www.instagram.com\\\/ruchnovaplast\\\/\",\"https:\\\/\\\/www.linkedin.com\\\/company\\\/ruch-novaplast-gmbh\"]},{\"@type\":\"Person\",\"@id\":\"https:\\\/\\\/www.ruch.de\\\/nl\\\/#\\\/schema\\\/person\\\/f86d94a497593bfd5eaa2adb106d5582\",\"name\":\"opus\",\"sameAs\":[\"https:\\\/\\\/www.ruch.de\"]}]}<\/script>\n<!-- \/ Yoast SEO plugin. -->","yoast_head_json":{"title":"Start je carri\u00e8re | RUCH NOVAPLAST GmbH","description":"Start van hun carri\u00e8re: Zes nieuwe leerlingen beginnen hun toekomst bij RUCH NOVAPLAST - met teamgeest, praktische relevantie en vooruitzichten.","robots":{"index":"index","follow":"follow","max-snippet":"max-snippet:-1","max-image-preview":"max-image-preview:large","max-video-preview":"max-video-preview:-1"},"canonical":"https:\/\/www.ruch.de\/nl\/news\/start-in-the-professional-world\/","og_locale":"nl_NL","og_type":"article","og_title":"Start je carri\u00e8re | RUCH NOVAPLAST GmbH","og_description":"Start van hun carri\u00e8re: Zes nieuwe leerlingen beginnen hun toekomst bij RUCH NOVAPLAST - met teamgeest, praktische relevantie en vooruitzichten.","og_url":"https:\/\/www.ruch.de\/nl\/news\/start-in-the-professional-world\/","og_site_name":"RUCH NOVAPLAST","article_publisher":"https:\/\/www.facebook.com\/ruchnovaplast","article_published_time":"2025-10-01T08:30:27+00:00","article_modified_time":"2026-03-06T10:33:28+00:00","og_image":[{"width":892,"height":669,"url":"https:\/\/www.ruch.de\/wp-content\/uploads\/2025\/01\/auszubildende-2023-ruch-novaplast.jpg","type":"image\/png"}],"author":"opus","twitter_card":"summary_large_image","twitter_misc":{"Geschreven door":"opus","Geschatte leestijd":"2 minuten"},"schema":{"@context":"https:\/\/schema.org","@graph":[{"@type":"NewsArticle","@id":"https:\/\/www.ruch.de\/nl\/news\/start-in-the-professional-world\/#article","isPartOf":{"@id":"https:\/\/www.ruch.de\/nl\/news\/start-in-the-professional-world\/"},"author":{"name":"opus","@id":"https:\/\/www.ruch.de\/nl\/#\/schema\/person\/f86d94a497593bfd5eaa2adb106d5582"},"headline":"Starten in de professionele wereld","datePublished":"2025-10-01T08:30:27+00:00","dateModified":"2026-03-06T10:33:28+00:00","mainEntityOfPage":{"@id":"https:\/\/www.ruch.de\/nl\/news\/start-in-the-professional-world\/"},"wordCount":217,"publisher":{"@id":"https:\/\/www.ruch.de\/nl\/#organization"},"image":{"@id":"https:\/\/www.ruch.de\/nl\/news\/start-in-the-professional-world\/#primaryimage"},"thumbnailUrl":"https:\/\/www.ruch.de\/wp-content\/uploads\/2025\/01\/auszubildende-2023-ruch-novaplast.jpg","articleSection":["Bedrijf","Carri\u00e8re"],"inLanguage":"nl-NL"},{"@type":"WebPage","@id":"https:\/\/www.ruch.de\/nl\/news\/start-in-the-professional-world\/","url":"https:\/\/www.ruch.de\/nl\/news\/start-in-the-professional-world\/","name":"Start je carri\u00e8re | RUCH NOVAPLAST GmbH","isPartOf":{"@id":"https:\/\/www.ruch.de\/nl\/#website"},"primaryImageOfPage":{"@id":"https:\/\/www.ruch.de\/nl\/news\/start-in-the-professional-world\/#primaryimage"},"image":{"@id":"https:\/\/www.ruch.de\/nl\/news\/start-in-the-professional-world\/#primaryimage"},"thumbnailUrl":"https:\/\/www.ruch.de\/wp-content\/uploads\/2025\/01\/auszubildende-2023-ruch-novaplast.jpg","datePublished":"2025-10-01T08:30:27+00:00","dateModified":"2026-03-06T10:33:28+00:00","description":"Start van hun carri\u00e8re: Zes nieuwe leerlingen beginnen hun toekomst bij RUCH NOVAPLAST - met teamgeest, praktische relevantie en vooruitzichten.","breadcrumb":{"@id":"https:\/\/www.ruch.de\/nl\/news\/start-in-the-professional-world\/#breadcrumb"},"inLanguage":"nl-NL","potentialAction":[{"@type":"ReadAction","target":["https:\/\/www.ruch.de\/nl\/news\/start-in-the-professional-world\/"]}]},{"@type":"ImageObject","inLanguage":"nl-NL","@id":"https:\/\/www.ruch.de\/nl\/news\/start-in-the-professional-world\/#primaryimage","url":"https:\/\/www.ruch.de\/wp-content\/uploads\/2025\/01\/auszubildende-2023-ruch-novaplast.jpg","contentUrl":"https:\/\/www.ruch.de\/wp-content\/uploads\/2025\/01\/auszubildende-2023-ruch-novaplast.jpg","width":892,"height":669,"caption":"Groepsfoto van de stagiairs 2025 met instructeur | RUCH NOVAPLAST GmbH in Oberkirch"},{"@type":"BreadcrumbList","@id":"https:\/\/www.ruch.de\/nl\/news\/start-in-the-professional-world\/#breadcrumb","itemListElement":[{"@type":"ListItem","position":1,"name":"Home","item":"https:\/\/www.ruch.de\/nl\/"},{"@type":"ListItem","position":2,"name":"Starten in de professionele wereld"}]},{"@type":"WebSite","@id":"https:\/\/www.ruch.de\/nl\/#website","url":"https:\/\/www.ruch.de\/nl\/","name":"www.ruch.de","description":"","publisher":{"@id":"https:\/\/www.ruch.de\/nl\/#organization"},"potentialAction":[{"@type":"SearchAction","target":{"@type":"EntryPoint","urlTemplate":"https:\/\/www.ruch.de\/nl\/?s={search_term_string}"},"query-input":{"@type":"PropertyValueSpecification","valueRequired":true,"valueName":"search_term_string"}}],"inLanguage":"nl-NL"},{"@type":"Organization","@id":"https:\/\/www.ruch.de\/nl\/#organization","name":"RUCH NOVAPLAST GmbH","url":"https:\/\/www.ruch.de\/nl\/","logo":{"@type":"ImageObject","inLanguage":"nl-NL","@id":"https:\/\/www.ruch.de\/nl\/#\/schema\/logo\/image\/","url":"https:\/\/www.ruch.de\/wp-content\/uploads\/2024\/11\/ruch-novaplast-logo-black.svg","contentUrl":"https:\/\/www.ruch.de\/wp-content\/uploads\/2024\/11\/ruch-novaplast-logo-black.svg","width":1802,"height":338,"caption":"RUCH NOVAPLAST GmbH"},"image":{"@id":"https:\/\/www.ruch.de\/nl\/#\/schema\/logo\/image\/"},"sameAs":["https:\/\/www.facebook.com\/ruchnovaplast","https:\/\/www.instagram.com\/ruchnovaplast\/","https:\/\/www.linkedin.com\/company\/ruch-novaplast-gmbh"]},{"@type":"Person","@id":"https:\/\/www.ruch.de\/nl\/#\/schema\/person\/f86d94a497593bfd5eaa2adb106d5582","name":"opus","sameAs":["https:\/\/www.ruch.de"]}]}},"_links":{"self":[{"href":"https:\/\/www.ruch.de\/nl\/wp-json\/wp\/v2\/posts\/4468","targetHints":{"allow":["GET"]}}],"collection":[{"href":"https:\/\/www.ruch.de\/nl\/wp-json\/wp\/v2\/posts"}],"about":[{"href":"https:\/\/www.ruch.de\/nl\/wp-json\/wp\/v2\/types\/post"}],"author":[{"embeddable":true,"href":"https:\/\/www.ruch.de\/nl\/wp-json\/wp\/v2\/users\/1"}],"replies":[{"embeddable":true,"href":"https:\/\/www.ruch.de\/nl\/wp-json\/wp\/v2\/comments?post=4468"}],"version-history":[{"count":2,"href":"https:\/\/www.ruch.de\/nl\/wp-json\/wp\/v2\/posts\/4468\/revisions"}],"predecessor-version":[{"id":8816,"href":"https:\/\/www.ruch.de\/nl\/wp-json\/wp\/v2\/posts\/4468\/revisions\/8816"}],"wp:featuredmedia":[{"embeddable":true,"href":"https:\/\/www.ruch.de\/nl\/wp-json\/wp\/v2\/media\/3760"}],"wp:attachment":[{"href":"https:\/\/www.ruch.de\/nl\/wp-json\/wp\/v2\/media?parent=4468"}],"wp:term":[{"taxonomy":"category","embeddable":true,"href":"https:\/\/www.ruch.de\/nl\/wp-json\/wp\/v2\/categories?post=4468"},{"taxonomy":"post_tag","embeddable":true,"href":"https:\/\/www.ruch.de\/nl\/wp-json\/wp\/v2\/tags?post=4468"}],"curies":[{"name":"wp","href":"https:\/\/api.w.org\/{rel}","templated":true}]}}