{"id":4398,"date":"2024-05-15T10:58:28","date_gmt":"2024-05-15T08:58:28","guid":{"rendered":"https:\/\/www.ruch.de\/?p=4398"},"modified":"2026-03-06T11:36:33","modified_gmt":"2026-03-06T10:36:33","slug":"agreement-on-the-buildings-directive","status":"publish","type":"post","link":"https:\/\/www.ruch.de\/fr\/news\/agreement-on-the-buildings-directive\/","title":{"rendered":"Accord sur la directive relative aux b\u00e2timents"},"content":{"rendered":"<div class=\"wpb-content-wrapper\"><p>[vc_row][vc_column width=\u00a0\u00bb2\/12&Prime;][\/vc_column][vc_column width=\u00a0\u00bb8\/12&Prime;][vc_column_text css=\u00a0\u00bb\u00a0\u00bb]<\/p>\n<h1>Accord sur la directive relative aux b\u00e2timents<\/h1>\n<p>Nouveaux objectifs d&rsquo;efficacit\u00e9 \u00e9nerg\u00e9tique des b\u00e2timents<\/p>\n<p>Dans le cadre de l&rsquo;accord de Paris sur le climat de 2015, l&rsquo;UE a adopt\u00e9 un nouvel objectif climatique pour 2030 : Selon cet objectif, l&rsquo;Union souhaite r\u00e9duire ses \u00e9missions nettes de gaz \u00e0 effet de serre de 55% d&rsquo;ici 2030 par rapport \u00e0 l&rsquo;ann\u00e9e de r\u00e9f\u00e9rence 1990. La directive europ\u00e9enne sur l&rsquo;efficacit\u00e9 des b\u00e2timents (EPBD), publi\u00e9e il y a quelques jours au Journal officiel de l&rsquo;Union europ\u00e9enne, fait partie du paquet \u00ab\u00a0Fit for 55&Prime; et entrera en vigueur le 28 mai 2024. La DPEB fixe des objectifs ambitieux en mati\u00e8re d&rsquo;efficacit\u00e9 \u00e9nerg\u00e9tique des b\u00e2timents, notamment une r\u00e9duction de la consommation d&rsquo;\u00e9nergie des b\u00e2timents r\u00e9sidentiels de 16% en moyenne d&rsquo;ici 2030 et de 20 \u00e0 22% d&rsquo;ici 2035.<\/p>\n<p>Pour atteindre ces objectifs, les ch\u00e2ssis \u00e0 haute efficacit\u00e9 \u00e9nerg\u00e9tique pour les syst\u00e8mes HVAC peuvent jouer un r\u00f4le crucial. Les produits de RUCH NOVAPLAST offrent non seulement une qualit\u00e9 et une fiabilit\u00e9 optimales, mais aussi une efficacit\u00e9 \u00e9nerg\u00e9tique remarquable. Gr\u00e2ce \u00e0 l&rsquo;utilisation de mat\u00e9riaux et de technologies innovants, nos ch\u00e2ssis contribuent \u00e0 r\u00e9duire de mani\u00e8re significative la consommation d&rsquo;\u00e9nergie dans les b\u00e2timents, ce qui permet de r\u00e9duire les \u00e9missions de CO\u2082.<\/p>\n<p>De plus, gr\u00e2ce \u00e0 notre calculateur d&#8217;empreinte carbone produit, nous pouvons calculer les \u00e9missions de CO\u2082 pour diff\u00e9rentes pi\u00e8ces moul\u00e9es et aider ainsi les entreprises \u00e0 atteindre leurs objectifs de d\u00e9veloppement durable dans le cadre de l&rsquo;accord sur la Directive B\u00e2timent et au-del\u00e0.[\/vc_column_text][\/vc_column][vc_column width=\u00a0\u00bb2\/12&Prime;][\/vc_column][\/vc_row][vc_row][vc_column width=\u00a0\u00bb2\/12&Prime;][\/vc_column][vc_column width=\u00a0\u00bb8\/12\u00a0\u00bb]\n<div class=\"spacer spacer--large\" style=\"height:60px\"><\/div>\n<div class=\"spacer spacer--medium\" style=\"height:60px\"><\/div>\n<div class=\"spacer spacer--small\" style=\"height:60px\"><\/div>\n[\/vc_column][vc_column width=\u00a0\u00bb2\/12&Prime;][\/vc_column][\/vc_row]<\/p>\n<\/div>","protected":false},"excerpt":{"rendered":"<p>Nouveaux objectifs d&rsquo;efficacit\u00e9 \u00e9nerg\u00e9tique des b\u00e2timents<\/p>\n","protected":false},"author":1,"featured_media":1041,"comment_status":"closed","ping_status":"closed","sticky":false,"template":"","format":"standard","meta":{"_acf_changed":false,"footnotes":""},"categories":[117,107,127],"tags":[],"class_list":["post-4398","post","type-post","status-publish","format-standard","has-post-thumbnail","hentry","category-appareils-de-ventilation","category-applications-fr","category-pompes-a-chaleur"],"acf":[],"yoast_head":"<!-- This site is optimized with the Yoast SEO plugin v27.3 - https:\/\/yoast.com\/product\/yoast-seo-wordpress\/ -->\n<title>L&#039;efficacit\u00e9 \u00e9nerg\u00e9tique avec l&#039;EPP | RUCH NOVAPLAST<\/title>\n<meta name=\"description\" content=\"Les ch\u00e2ssis HVAC \u00e0 haut rendement \u00e9nerg\u00e9tique de RUCH NOVAPLAST contribuent \u00e0 r\u00e9duire de mani\u00e8re mesurable les \u00e9missions de CO\u2082 dans les b\u00e2timents.\" \/>\n<meta name=\"robots\" content=\"index, follow, max-snippet:-1, max-image-preview:large, max-video-preview:-1\" \/>\n<link rel=\"canonical\" href=\"https:\/\/www.ruch.de\/fr\/news\/agreement-on-the-buildings-directive\/\" \/>\n<meta property=\"og:locale\" content=\"fr_FR\" \/>\n<meta property=\"og:type\" content=\"article\" \/>\n<meta property=\"og:title\" content=\"L&#039;efficacit\u00e9 \u00e9nerg\u00e9tique avec l&#039;EPP | RUCH NOVAPLAST\" \/>\n<meta property=\"og:description\" content=\"Les ch\u00e2ssis HVAC \u00e0 haut rendement \u00e9nerg\u00e9tique de RUCH NOVAPLAST contribuent \u00e0 r\u00e9duire de mani\u00e8re mesurable les \u00e9missions de CO\u2082 dans les b\u00e2timents.\" \/>\n<meta property=\"og:url\" content=\"https:\/\/www.ruch.de\/fr\/news\/agreement-on-the-buildings-directive\/\" \/>\n<meta property=\"og:site_name\" content=\"RUCH NOVAPLAST\" \/>\n<meta property=\"article:publisher\" content=\"https:\/\/www.facebook.com\/ruchnovaplast\" \/>\n<meta property=\"article:published_time\" content=\"2024-05-15T08:58:28+00:00\" \/>\n<meta property=\"article:modified_time\" content=\"2026-03-06T10:36:33+00:00\" \/>\n<meta property=\"og:image\" content=\"https:\/\/www.ruch.de\/wp-content\/uploads\/2025\/01\/energieeffizienz-klimaabkommen-nachhaltigkeit-gebaeude-waermepumpe-ruch-novaplast.jpg\" \/>\n\t<meta property=\"og:image:width\" content=\"892\" \/>\n\t<meta property=\"og:image:height\" content=\"664\" \/>\n\t<meta property=\"og:image:type\" content=\"image\/jpeg\" \/>\n<meta name=\"author\" content=\"opus\" \/>\n<meta name=\"twitter:card\" content=\"summary_large_image\" \/>\n<meta name=\"twitter:label1\" content=\"\u00c9crit par\" \/>\n\t<meta name=\"twitter:data1\" content=\"opus\" \/>\n\t<meta name=\"twitter:label2\" content=\"Dur\u00e9e de lecture estim\u00e9e\" \/>\n\t<meta name=\"twitter:data2\" content=\"2 minutes\" \/>\n<script type=\"application\/ld+json\" class=\"yoast-schema-graph\">{\"@context\":\"https:\\\/\\\/schema.org\",\"@graph\":[{\"@type\":\"NewsArticle\",\"@id\":\"https:\\\/\\\/www.ruch.de\\\/fr\\\/news\\\/agreement-on-the-buildings-directive\\\/#article\",\"isPartOf\":{\"@id\":\"https:\\\/\\\/www.ruch.de\\\/fr\\\/news\\\/agreement-on-the-buildings-directive\\\/\"},\"author\":{\"name\":\"opus\",\"@id\":\"https:\\\/\\\/www.ruch.de\\\/fr\\\/#\\\/schema\\\/person\\\/f86d94a497593bfd5eaa2adb106d5582\"},\"headline\":\"Accord sur la directive relative aux b\u00e2timents\",\"datePublished\":\"2024-05-15T08:58:28+00:00\",\"dateModified\":\"2026-03-06T10:36:33+00:00\",\"mainEntityOfPage\":{\"@id\":\"https:\\\/\\\/www.ruch.de\\\/fr\\\/news\\\/agreement-on-the-buildings-directive\\\/\"},\"wordCount\":335,\"publisher\":{\"@id\":\"https:\\\/\\\/www.ruch.de\\\/fr\\\/#organization\"},\"image\":{\"@id\":\"https:\\\/\\\/www.ruch.de\\\/fr\\\/news\\\/agreement-on-the-buildings-directive\\\/#primaryimage\"},\"thumbnailUrl\":\"https:\\\/\\\/www.ruch.de\\\/wp-content\\\/uploads\\\/2025\\\/01\\\/energieeffizienz-klimaabkommen-nachhaltigkeit-gebaeude-waermepumpe-ruch-novaplast.jpg\",\"articleSection\":[\"Appareils de ventilation\",\"Applications\",\"Pompes \u00e0 chaleur\"],\"inLanguage\":\"fr-FR\"},{\"@type\":\"WebPage\",\"@id\":\"https:\\\/\\\/www.ruch.de\\\/fr\\\/news\\\/agreement-on-the-buildings-directive\\\/\",\"url\":\"https:\\\/\\\/www.ruch.de\\\/fr\\\/news\\\/agreement-on-the-buildings-directive\\\/\",\"name\":\"L'efficacit\u00e9 \u00e9nerg\u00e9tique avec l'EPP | RUCH NOVAPLAST\",\"isPartOf\":{\"@id\":\"https:\\\/\\\/www.ruch.de\\\/fr\\\/#website\"},\"primaryImageOfPage\":{\"@id\":\"https:\\\/\\\/www.ruch.de\\\/fr\\\/news\\\/agreement-on-the-buildings-directive\\\/#primaryimage\"},\"image\":{\"@id\":\"https:\\\/\\\/www.ruch.de\\\/fr\\\/news\\\/agreement-on-the-buildings-directive\\\/#primaryimage\"},\"thumbnailUrl\":\"https:\\\/\\\/www.ruch.de\\\/wp-content\\\/uploads\\\/2025\\\/01\\\/energieeffizienz-klimaabkommen-nachhaltigkeit-gebaeude-waermepumpe-ruch-novaplast.jpg\",\"datePublished\":\"2024-05-15T08:58:28+00:00\",\"dateModified\":\"2026-03-06T10:36:33+00:00\",\"description\":\"Les ch\u00e2ssis HVAC \u00e0 haut rendement \u00e9nerg\u00e9tique de RUCH NOVAPLAST contribuent \u00e0 r\u00e9duire de mani\u00e8re mesurable les \u00e9missions de CO\u2082 dans les b\u00e2timents.\",\"breadcrumb\":{\"@id\":\"https:\\\/\\\/www.ruch.de\\\/fr\\\/news\\\/agreement-on-the-buildings-directive\\\/#breadcrumb\"},\"inLanguage\":\"fr-FR\",\"potentialAction\":[{\"@type\":\"ReadAction\",\"target\":[\"https:\\\/\\\/www.ruch.de\\\/fr\\\/news\\\/agreement-on-the-buildings-directive\\\/\"]}]},{\"@type\":\"ImageObject\",\"inLanguage\":\"fr-FR\",\"@id\":\"https:\\\/\\\/www.ruch.de\\\/fr\\\/news\\\/agreement-on-the-buildings-directive\\\/#primaryimage\",\"url\":\"https:\\\/\\\/www.ruch.de\\\/wp-content\\\/uploads\\\/2025\\\/01\\\/energieeffizienz-klimaabkommen-nachhaltigkeit-gebaeude-waermepumpe-ruch-novaplast.jpg\",\"contentUrl\":\"https:\\\/\\\/www.ruch.de\\\/wp-content\\\/uploads\\\/2025\\\/01\\\/energieeffizienz-klimaabkommen-nachhaltigkeit-gebaeude-waermepumpe-ruch-novaplast.jpg\",\"width\":892,\"height\":664,\"caption\":\"Modernes Wohnhaus mit W\u00e4rmepumpe | News | RUCH NOVAPLAST GmbH in Oberkirch\"},{\"@type\":\"BreadcrumbList\",\"@id\":\"https:\\\/\\\/www.ruch.de\\\/fr\\\/news\\\/agreement-on-the-buildings-directive\\\/#breadcrumb\",\"itemListElement\":[{\"@type\":\"ListItem\",\"position\":1,\"name\":\"Home\",\"item\":\"https:\\\/\\\/www.ruch.de\\\/fr\\\/\"},{\"@type\":\"ListItem\",\"position\":2,\"name\":\"Accord sur la directive relative aux b\u00e2timents\"}]},{\"@type\":\"WebSite\",\"@id\":\"https:\\\/\\\/www.ruch.de\\\/fr\\\/#website\",\"url\":\"https:\\\/\\\/www.ruch.de\\\/fr\\\/\",\"name\":\"www.ruch.de\",\"description\":\"\",\"publisher\":{\"@id\":\"https:\\\/\\\/www.ruch.de\\\/fr\\\/#organization\"},\"potentialAction\":[{\"@type\":\"SearchAction\",\"target\":{\"@type\":\"EntryPoint\",\"urlTemplate\":\"https:\\\/\\\/www.ruch.de\\\/fr\\\/?s={search_term_string}\"},\"query-input\":{\"@type\":\"PropertyValueSpecification\",\"valueRequired\":true,\"valueName\":\"search_term_string\"}}],\"inLanguage\":\"fr-FR\"},{\"@type\":\"Organization\",\"@id\":\"https:\\\/\\\/www.ruch.de\\\/fr\\\/#organization\",\"name\":\"RUCH NOVAPLAST GmbH\",\"url\":\"https:\\\/\\\/www.ruch.de\\\/fr\\\/\",\"logo\":{\"@type\":\"ImageObject\",\"inLanguage\":\"fr-FR\",\"@id\":\"https:\\\/\\\/www.ruch.de\\\/fr\\\/#\\\/schema\\\/logo\\\/image\\\/\",\"url\":\"https:\\\/\\\/www.ruch.de\\\/wp-content\\\/uploads\\\/2024\\\/11\\\/ruch-novaplast-logo-black.svg\",\"contentUrl\":\"https:\\\/\\\/www.ruch.de\\\/wp-content\\\/uploads\\\/2024\\\/11\\\/ruch-novaplast-logo-black.svg\",\"width\":1802,\"height\":338,\"caption\":\"RUCH NOVAPLAST GmbH\"},\"image\":{\"@id\":\"https:\\\/\\\/www.ruch.de\\\/fr\\\/#\\\/schema\\\/logo\\\/image\\\/\"},\"sameAs\":[\"https:\\\/\\\/www.facebook.com\\\/ruchnovaplast\",\"https:\\\/\\\/www.instagram.com\\\/ruchnovaplast\\\/\",\"https:\\\/\\\/www.linkedin.com\\\/company\\\/ruch-novaplast-gmbh\"]},{\"@type\":\"Person\",\"@id\":\"https:\\\/\\\/www.ruch.de\\\/fr\\\/#\\\/schema\\\/person\\\/f86d94a497593bfd5eaa2adb106d5582\",\"name\":\"opus\",\"sameAs\":[\"https:\\\/\\\/www.ruch.de\"]}]}<\/script>\n<!-- \/ Yoast SEO plugin. -->","yoast_head_json":{"title":"L'efficacit\u00e9 \u00e9nerg\u00e9tique avec l'EPP | RUCH NOVAPLAST","description":"Les ch\u00e2ssis HVAC \u00e0 haut rendement \u00e9nerg\u00e9tique de RUCH NOVAPLAST contribuent \u00e0 r\u00e9duire de mani\u00e8re mesurable les \u00e9missions de CO\u2082 dans les b\u00e2timents.","robots":{"index":"index","follow":"follow","max-snippet":"max-snippet:-1","max-image-preview":"max-image-preview:large","max-video-preview":"max-video-preview:-1"},"canonical":"https:\/\/www.ruch.de\/fr\/news\/agreement-on-the-buildings-directive\/","og_locale":"fr_FR","og_type":"article","og_title":"L'efficacit\u00e9 \u00e9nerg\u00e9tique avec l'EPP | RUCH NOVAPLAST","og_description":"Les ch\u00e2ssis HVAC \u00e0 haut rendement \u00e9nerg\u00e9tique de RUCH NOVAPLAST contribuent \u00e0 r\u00e9duire de mani\u00e8re mesurable les \u00e9missions de CO\u2082 dans les b\u00e2timents.","og_url":"https:\/\/www.ruch.de\/fr\/news\/agreement-on-the-buildings-directive\/","og_site_name":"RUCH NOVAPLAST","article_publisher":"https:\/\/www.facebook.com\/ruchnovaplast","article_published_time":"2024-05-15T08:58:28+00:00","article_modified_time":"2026-03-06T10:36:33+00:00","og_image":[{"width":892,"height":664,"url":"https:\/\/www.ruch.de\/wp-content\/uploads\/2025\/01\/energieeffizienz-klimaabkommen-nachhaltigkeit-gebaeude-waermepumpe-ruch-novaplast.jpg","type":"image\/jpeg"}],"author":"opus","twitter_card":"summary_large_image","twitter_misc":{"\u00c9crit par":"opus","Dur\u00e9e de lecture estim\u00e9e":"2 minutes"},"schema":{"@context":"https:\/\/schema.org","@graph":[{"@type":"NewsArticle","@id":"https:\/\/www.ruch.de\/fr\/news\/agreement-on-the-buildings-directive\/#article","isPartOf":{"@id":"https:\/\/www.ruch.de\/fr\/news\/agreement-on-the-buildings-directive\/"},"author":{"name":"opus","@id":"https:\/\/www.ruch.de\/fr\/#\/schema\/person\/f86d94a497593bfd5eaa2adb106d5582"},"headline":"Accord sur la directive relative aux b\u00e2timents","datePublished":"2024-05-15T08:58:28+00:00","dateModified":"2026-03-06T10:36:33+00:00","mainEntityOfPage":{"@id":"https:\/\/www.ruch.de\/fr\/news\/agreement-on-the-buildings-directive\/"},"wordCount":335,"publisher":{"@id":"https:\/\/www.ruch.de\/fr\/#organization"},"image":{"@id":"https:\/\/www.ruch.de\/fr\/news\/agreement-on-the-buildings-directive\/#primaryimage"},"thumbnailUrl":"https:\/\/www.ruch.de\/wp-content\/uploads\/2025\/01\/energieeffizienz-klimaabkommen-nachhaltigkeit-gebaeude-waermepumpe-ruch-novaplast.jpg","articleSection":["Appareils de ventilation","Applications","Pompes \u00e0 chaleur"],"inLanguage":"fr-FR"},{"@type":"WebPage","@id":"https:\/\/www.ruch.de\/fr\/news\/agreement-on-the-buildings-directive\/","url":"https:\/\/www.ruch.de\/fr\/news\/agreement-on-the-buildings-directive\/","name":"L'efficacit\u00e9 \u00e9nerg\u00e9tique avec l'EPP | RUCH NOVAPLAST","isPartOf":{"@id":"https:\/\/www.ruch.de\/fr\/#website"},"primaryImageOfPage":{"@id":"https:\/\/www.ruch.de\/fr\/news\/agreement-on-the-buildings-directive\/#primaryimage"},"image":{"@id":"https:\/\/www.ruch.de\/fr\/news\/agreement-on-the-buildings-directive\/#primaryimage"},"thumbnailUrl":"https:\/\/www.ruch.de\/wp-content\/uploads\/2025\/01\/energieeffizienz-klimaabkommen-nachhaltigkeit-gebaeude-waermepumpe-ruch-novaplast.jpg","datePublished":"2024-05-15T08:58:28+00:00","dateModified":"2026-03-06T10:36:33+00:00","description":"Les ch\u00e2ssis HVAC \u00e0 haut rendement \u00e9nerg\u00e9tique de RUCH NOVAPLAST contribuent \u00e0 r\u00e9duire de mani\u00e8re mesurable les \u00e9missions de CO\u2082 dans les b\u00e2timents.","breadcrumb":{"@id":"https:\/\/www.ruch.de\/fr\/news\/agreement-on-the-buildings-directive\/#breadcrumb"},"inLanguage":"fr-FR","potentialAction":[{"@type":"ReadAction","target":["https:\/\/www.ruch.de\/fr\/news\/agreement-on-the-buildings-directive\/"]}]},{"@type":"ImageObject","inLanguage":"fr-FR","@id":"https:\/\/www.ruch.de\/fr\/news\/agreement-on-the-buildings-directive\/#primaryimage","url":"https:\/\/www.ruch.de\/wp-content\/uploads\/2025\/01\/energieeffizienz-klimaabkommen-nachhaltigkeit-gebaeude-waermepumpe-ruch-novaplast.jpg","contentUrl":"https:\/\/www.ruch.de\/wp-content\/uploads\/2025\/01\/energieeffizienz-klimaabkommen-nachhaltigkeit-gebaeude-waermepumpe-ruch-novaplast.jpg","width":892,"height":664,"caption":"Modernes Wohnhaus mit W\u00e4rmepumpe | News | RUCH NOVAPLAST GmbH in Oberkirch"},{"@type":"BreadcrumbList","@id":"https:\/\/www.ruch.de\/fr\/news\/agreement-on-the-buildings-directive\/#breadcrumb","itemListElement":[{"@type":"ListItem","position":1,"name":"Home","item":"https:\/\/www.ruch.de\/fr\/"},{"@type":"ListItem","position":2,"name":"Accord sur la directive relative aux b\u00e2timents"}]},{"@type":"WebSite","@id":"https:\/\/www.ruch.de\/fr\/#website","url":"https:\/\/www.ruch.de\/fr\/","name":"www.ruch.de","description":"","publisher":{"@id":"https:\/\/www.ruch.de\/fr\/#organization"},"potentialAction":[{"@type":"SearchAction","target":{"@type":"EntryPoint","urlTemplate":"https:\/\/www.ruch.de\/fr\/?s={search_term_string}"},"query-input":{"@type":"PropertyValueSpecification","valueRequired":true,"valueName":"search_term_string"}}],"inLanguage":"fr-FR"},{"@type":"Organization","@id":"https:\/\/www.ruch.de\/fr\/#organization","name":"RUCH NOVAPLAST GmbH","url":"https:\/\/www.ruch.de\/fr\/","logo":{"@type":"ImageObject","inLanguage":"fr-FR","@id":"https:\/\/www.ruch.de\/fr\/#\/schema\/logo\/image\/","url":"https:\/\/www.ruch.de\/wp-content\/uploads\/2024\/11\/ruch-novaplast-logo-black.svg","contentUrl":"https:\/\/www.ruch.de\/wp-content\/uploads\/2024\/11\/ruch-novaplast-logo-black.svg","width":1802,"height":338,"caption":"RUCH NOVAPLAST GmbH"},"image":{"@id":"https:\/\/www.ruch.de\/fr\/#\/schema\/logo\/image\/"},"sameAs":["https:\/\/www.facebook.com\/ruchnovaplast","https:\/\/www.instagram.com\/ruchnovaplast\/","https:\/\/www.linkedin.com\/company\/ruch-novaplast-gmbh"]},{"@type":"Person","@id":"https:\/\/www.ruch.de\/fr\/#\/schema\/person\/f86d94a497593bfd5eaa2adb106d5582","name":"opus","sameAs":["https:\/\/www.ruch.de"]}]}},"_links":{"self":[{"href":"https:\/\/www.ruch.de\/fr\/wp-json\/wp\/v2\/posts\/4398","targetHints":{"allow":["GET"]}}],"collection":[{"href":"https:\/\/www.ruch.de\/fr\/wp-json\/wp\/v2\/posts"}],"about":[{"href":"https:\/\/www.ruch.de\/fr\/wp-json\/wp\/v2\/types\/post"}],"author":[{"embeddable":true,"href":"https:\/\/www.ruch.de\/fr\/wp-json\/wp\/v2\/users\/1"}],"replies":[{"embeddable":true,"href":"https:\/\/www.ruch.de\/fr\/wp-json\/wp\/v2\/comments?post=4398"}],"version-history":[{"count":7,"href":"https:\/\/www.ruch.de\/fr\/wp-json\/wp\/v2\/posts\/4398\/revisions"}],"predecessor-version":[{"id":8824,"href":"https:\/\/www.ruch.de\/fr\/wp-json\/wp\/v2\/posts\/4398\/revisions\/8824"}],"wp:featuredmedia":[{"embeddable":true,"href":"https:\/\/www.ruch.de\/fr\/wp-json\/wp\/v2\/media\/1041"}],"wp:attachment":[{"href":"https:\/\/www.ruch.de\/fr\/wp-json\/wp\/v2\/media?parent=4398"}],"wp:term":[{"taxonomy":"category","embeddable":true,"href":"https:\/\/www.ruch.de\/fr\/wp-json\/wp\/v2\/categories?post=4398"},{"taxonomy":"post_tag","embeddable":true,"href":"https:\/\/www.ruch.de\/fr\/wp-json\/wp\/v2\/tags?post=4398"}],"curies":[{"name":"wp","href":"https:\/\/api.w.org\/{rel}","templated":true}]}}