{"id":4390,"date":"2024-05-15T11:00:58","date_gmt":"2024-05-15T09:00:58","guid":{"rendered":"https:\/\/www.ruch.de\/?p=4390"},"modified":"2026-03-02T15:38:26","modified_gmt":"2026-03-02T14:38:26","slug":"sustainability-as-a-competitive-advantage","status":"publish","type":"post","link":"https:\/\/www.ruch.de\/fr\/news\/sustainability-as-a-competitive-advantage\/","title":{"rendered":"Le d\u00e9veloppement durable comme avantage concurrentiel"},"content":{"rendered":"<div class=\"wpb-content-wrapper\"><p>[vc_row][vc_column width=\u00a0\u00bb2\/12&Prime;][\/vc_column][vc_column width=\u00a0\u00bb8\/12&Prime;][vc_column_text css=\u00a0\u00bb\u00a0\u00bb]<\/p>\n<h1>Le d\u00e9veloppement durable comme avantage concurrentiel<\/h1>\n<p>L&rsquo;approche flexible du calculateur d&#8217;empreinte carbone des produits<\/p>\n<p>La prise de conscience de l&rsquo;importance du d\u00e9veloppement durable ne cesse de cro\u00eetre. Il est donc essentiel pour les entreprises de comprendre et de minimiser leur empreinte \u00e9cologique. Un outil efficace pour relever ce d\u00e9fi est l&#8217;empreinte carbone des produits (PCF), qui mesure les \u00e9missions totales d&rsquo;un produit tout au long de son cycle de vie.  <\/p>\n<p>Thomas Doll (CTO) et son \u00e9quipe ont d\u00e9velopp\u00e9 pour RUCH NOVAPLAST un outil qui aide les entreprises \u00e0 calculer le PCF de leurs pi\u00e8ces moul\u00e9es en EPP au niveau des mat\u00e9riaux, de la technologie et des processus. Notre approche couvre les trois scopes, de l&rsquo;extraction des mati\u00e8res premi\u00e8res (cradle) \u00e0 la porte de l&rsquo;usine (gate), en tenant compte de toutes les phases du cycle de vie du produit entre les deux. Cela permet une \u00e9valuation pr\u00e9cise et transparente des \u00e9missions de CO2 sur la base de la nomenclature et de la structure des op\u00e9rations, ce qui aide les entreprises \u00e0 rendre leurs produits et leurs processus plus \u00e9cologiques.  <\/p>\n<p>Notre calculateur PCF poursuit plusieurs objectifs. En actualisant en permanence les facteurs d&rsquo;\u00e9mission et en utilisant les facteurs d&rsquo;\u00e9mission du Greenhouse Gas Protocol ainsi que nos propres techniques de mesure, nous garantissons une base de donn\u00e9es solide et robuste pour les calculs. De plus, nous offrons une transparence au niveau du produit ainsi qu&rsquo;au niveau de l&rsquo;entreprise et de l&rsquo;usine afin de permettre \u00e0 nos clients de prendre des d\u00e9cisions \u00e9clair\u00e9es pour atteindre leurs objectifs de r\u00e9duction de CO2.  <\/p>\n<p>Pour plus d&rsquo;informations sur notre calculateur d&#8217;empreinte carbone produit et pour en savoir plus sur les facteurs qui influencent le plus l&rsquo;\u00e9mission de CO2 d&rsquo;une pi\u00e8ce moul\u00e9e en EPP, continuez \u00e0 lire <a href=\"https:\/\/www.ruch.de\/fr\/expertises\/expertise-en-fabrication\/\">ici<\/a>.[\/vc_column_text][\/vc_column][vc_column width=\u00a0\u00bb2\/12&Prime;][\/vc_column][\/vc_row][vc_row][vc_column width=\u00a0\u00bb2\/12&Prime;][\/vc_column][vc_column width=\u00a0\u00bb8\/12&Prime;]\n<div class=\"spacer spacer--large\" style=\"height:60px\"><\/div>\n<div class=\"spacer spacer--medium\" style=\"height:60px\"><\/div>\n<div class=\"spacer spacer--small\" style=\"height:60px\"><\/div>\n[\/vc_column][vc_column width=\u00a0\u00bb2\/12&Prime;][\/vc_column][\/vc_row]<\/p>\n<\/div>","protected":false},"excerpt":{"rendered":"<p>L&rsquo;approche flexible du calculateur d&#8217;empreinte carbone des produits<\/p>\n","protected":false},"author":1,"featured_media":3336,"comment_status":"closed","ping_status":"closed","sticky":false,"template":"","format":"standard","meta":{"_acf_changed":false,"footnotes":""},"categories":[155,151],"tags":[],"class_list":["post-4390","post","type-post","status-publish","format-standard","has-post-thumbnail","hentry","category-durabilite","category-entreprise"],"acf":[],"yoast_head":"<!-- This site is optimized with the Yoast SEO plugin v27.3 - https:\/\/yoast.com\/product\/yoast-seo-wordpress\/ -->\n<title>empreinte \u00e9cologique | RUCH NOVAPLAST<\/title>\n<meta name=\"description\" content=\"Le calculateur PCF de RUCH NOVAPLAST permet de d\u00e9terminer de mani\u00e8re fiable l&#039;empreinte \u00e9cologique de vos pi\u00e8ces moul\u00e9es en EPP.\" \/>\n<meta name=\"robots\" content=\"index, follow, max-snippet:-1, max-image-preview:large, max-video-preview:-1\" \/>\n<link rel=\"canonical\" href=\"https:\/\/www.ruch.de\/fr\/news\/sustainability-as-a-competitive-advantage\/\" \/>\n<meta property=\"og:locale\" content=\"fr_FR\" \/>\n<meta property=\"og:type\" content=\"article\" \/>\n<meta property=\"og:title\" content=\"empreinte \u00e9cologique | RUCH NOVAPLAST\" \/>\n<meta property=\"og:description\" content=\"Le calculateur PCF de RUCH NOVAPLAST permet de d\u00e9terminer de mani\u00e8re fiable l&#039;empreinte \u00e9cologique de vos pi\u00e8ces moul\u00e9es en EPP.\" \/>\n<meta property=\"og:url\" content=\"https:\/\/www.ruch.de\/fr\/news\/sustainability-as-a-competitive-advantage\/\" \/>\n<meta property=\"og:site_name\" content=\"RUCH NOVAPLAST\" \/>\n<meta property=\"article:publisher\" content=\"https:\/\/www.facebook.com\/ruchnovaplast\" \/>\n<meta property=\"article:published_time\" content=\"2024-05-15T09:00:58+00:00\" \/>\n<meta property=\"article:modified_time\" content=\"2026-03-02T14:38:26+00:00\" \/>\n<meta property=\"og:image\" content=\"https:\/\/www.ruch.de\/wp-content\/uploads\/2025\/01\/epp-nachhaltigkeit-fussabdruck-co2-product-carbon-footprint-kalkulator-ruch-novaplast.png\" \/>\n\t<meta property=\"og:image:width\" content=\"892\" \/>\n\t<meta property=\"og:image:height\" content=\"664\" \/>\n\t<meta property=\"og:image:type\" content=\"image\/jpeg\" \/>\n<meta name=\"author\" content=\"opus\" \/>\n<meta name=\"twitter:card\" content=\"summary_large_image\" \/>\n<meta name=\"twitter:label1\" content=\"\u00c9crit par\" \/>\n\t<meta name=\"twitter:data1\" content=\"opus\" \/>\n\t<meta name=\"twitter:label2\" content=\"Dur\u00e9e de lecture estim\u00e9e\" \/>\n\t<meta name=\"twitter:data2\" content=\"2 minutes\" \/>\n<script type=\"application\/ld+json\" class=\"yoast-schema-graph\">{\"@context\":\"https:\\\/\\\/schema.org\",\"@graph\":[{\"@type\":[\"Article\",\"BlogPosting\"],\"@id\":\"https:\\\/\\\/www.ruch.de\\\/fr\\\/news\\\/sustainability-as-a-competitive-advantage\\\/#article\",\"isPartOf\":{\"@id\":\"https:\\\/\\\/www.ruch.de\\\/fr\\\/news\\\/sustainability-as-a-competitive-advantage\\\/\"},\"author\":{\"name\":\"opus\",\"@id\":\"https:\\\/\\\/www.ruch.de\\\/fr\\\/#\\\/schema\\\/person\\\/f86d94a497593bfd5eaa2adb106d5582\"},\"headline\":\"Le d\u00e9veloppement durable comme avantage concurrentiel\",\"datePublished\":\"2024-05-15T09:00:58+00:00\",\"dateModified\":\"2026-03-02T14:38:26+00:00\",\"mainEntityOfPage\":{\"@id\":\"https:\\\/\\\/www.ruch.de\\\/fr\\\/news\\\/sustainability-as-a-competitive-advantage\\\/\"},\"wordCount\":379,\"publisher\":{\"@id\":\"https:\\\/\\\/www.ruch.de\\\/fr\\\/#organization\"},\"image\":{\"@id\":\"https:\\\/\\\/www.ruch.de\\\/fr\\\/news\\\/sustainability-as-a-competitive-advantage\\\/#primaryimage\"},\"thumbnailUrl\":\"https:\\\/\\\/www.ruch.de\\\/wp-content\\\/uploads\\\/2025\\\/01\\\/epp-nachhaltigkeit-fussabdruck-co2-product-carbon-footprint-kalkulator-ruch-novaplast.png\",\"articleSection\":[\"Durabilit\u00e9\",\"Entreprise\"],\"inLanguage\":\"fr-FR\"},{\"@type\":\"WebPage\",\"@id\":\"https:\\\/\\\/www.ruch.de\\\/fr\\\/news\\\/sustainability-as-a-competitive-advantage\\\/\",\"url\":\"https:\\\/\\\/www.ruch.de\\\/fr\\\/news\\\/sustainability-as-a-competitive-advantage\\\/\",\"name\":\"empreinte \u00e9cologique | RUCH NOVAPLAST\",\"isPartOf\":{\"@id\":\"https:\\\/\\\/www.ruch.de\\\/fr\\\/#website\"},\"primaryImageOfPage\":{\"@id\":\"https:\\\/\\\/www.ruch.de\\\/fr\\\/news\\\/sustainability-as-a-competitive-advantage\\\/#primaryimage\"},\"image\":{\"@id\":\"https:\\\/\\\/www.ruch.de\\\/fr\\\/news\\\/sustainability-as-a-competitive-advantage\\\/#primaryimage\"},\"thumbnailUrl\":\"https:\\\/\\\/www.ruch.de\\\/wp-content\\\/uploads\\\/2025\\\/01\\\/epp-nachhaltigkeit-fussabdruck-co2-product-carbon-footprint-kalkulator-ruch-novaplast.png\",\"datePublished\":\"2024-05-15T09:00:58+00:00\",\"dateModified\":\"2026-03-02T14:38:26+00:00\",\"description\":\"Le calculateur PCF de RUCH NOVAPLAST permet de d\u00e9terminer de mani\u00e8re fiable l'empreinte \u00e9cologique de vos pi\u00e8ces moul\u00e9es en EPP.\",\"breadcrumb\":{\"@id\":\"https:\\\/\\\/www.ruch.de\\\/fr\\\/news\\\/sustainability-as-a-competitive-advantage\\\/#breadcrumb\"},\"inLanguage\":\"fr-FR\",\"potentialAction\":[{\"@type\":\"ReadAction\",\"target\":[\"https:\\\/\\\/www.ruch.de\\\/fr\\\/news\\\/sustainability-as-a-competitive-advantage\\\/\"]}]},{\"@type\":\"ImageObject\",\"inLanguage\":\"fr-FR\",\"@id\":\"https:\\\/\\\/www.ruch.de\\\/fr\\\/news\\\/sustainability-as-a-competitive-advantage\\\/#primaryimage\",\"url\":\"https:\\\/\\\/www.ruch.de\\\/wp-content\\\/uploads\\\/2025\\\/01\\\/epp-nachhaltigkeit-fussabdruck-co2-product-carbon-footprint-kalkulator-ruch-novaplast.png\",\"contentUrl\":\"https:\\\/\\\/www.ruch.de\\\/wp-content\\\/uploads\\\/2025\\\/01\\\/epp-nachhaltigkeit-fussabdruck-co2-product-carbon-footprint-kalkulator-ruch-novaplast.png\",\"width\":892,\"height\":664,\"caption\":\"Empreinte carbone verte CO\u2082 Durabilit\u00e9 | Actualit\u00e9s | RUCH NOVAPLAST GmbH \u00e0 Oberkirch\"},{\"@type\":\"BreadcrumbList\",\"@id\":\"https:\\\/\\\/www.ruch.de\\\/fr\\\/news\\\/sustainability-as-a-competitive-advantage\\\/#breadcrumb\",\"itemListElement\":[{\"@type\":\"ListItem\",\"position\":1,\"name\":\"Home\",\"item\":\"https:\\\/\\\/www.ruch.de\\\/fr\\\/\"},{\"@type\":\"ListItem\",\"position\":2,\"name\":\"Le d\u00e9veloppement durable comme avantage concurrentiel\"}]},{\"@type\":\"WebSite\",\"@id\":\"https:\\\/\\\/www.ruch.de\\\/fr\\\/#website\",\"url\":\"https:\\\/\\\/www.ruch.de\\\/fr\\\/\",\"name\":\"www.ruch.de\",\"description\":\"\",\"publisher\":{\"@id\":\"https:\\\/\\\/www.ruch.de\\\/fr\\\/#organization\"},\"potentialAction\":[{\"@type\":\"SearchAction\",\"target\":{\"@type\":\"EntryPoint\",\"urlTemplate\":\"https:\\\/\\\/www.ruch.de\\\/fr\\\/?s={search_term_string}\"},\"query-input\":{\"@type\":\"PropertyValueSpecification\",\"valueRequired\":true,\"valueName\":\"search_term_string\"}}],\"inLanguage\":\"fr-FR\"},{\"@type\":\"Organization\",\"@id\":\"https:\\\/\\\/www.ruch.de\\\/fr\\\/#organization\",\"name\":\"RUCH NOVAPLAST GmbH\",\"url\":\"https:\\\/\\\/www.ruch.de\\\/fr\\\/\",\"logo\":{\"@type\":\"ImageObject\",\"inLanguage\":\"fr-FR\",\"@id\":\"https:\\\/\\\/www.ruch.de\\\/fr\\\/#\\\/schema\\\/logo\\\/image\\\/\",\"url\":\"https:\\\/\\\/www.ruch.de\\\/wp-content\\\/uploads\\\/2024\\\/11\\\/ruch-novaplast-logo-black.svg\",\"contentUrl\":\"https:\\\/\\\/www.ruch.de\\\/wp-content\\\/uploads\\\/2024\\\/11\\\/ruch-novaplast-logo-black.svg\",\"width\":1802,\"height\":338,\"caption\":\"RUCH NOVAPLAST GmbH\"},\"image\":{\"@id\":\"https:\\\/\\\/www.ruch.de\\\/fr\\\/#\\\/schema\\\/logo\\\/image\\\/\"},\"sameAs\":[\"https:\\\/\\\/www.facebook.com\\\/ruchnovaplast\",\"https:\\\/\\\/www.instagram.com\\\/ruchnovaplast\\\/\",\"https:\\\/\\\/www.linkedin.com\\\/company\\\/ruch-novaplast-gmbh\"]},{\"@type\":\"Person\",\"@id\":\"https:\\\/\\\/www.ruch.de\\\/fr\\\/#\\\/schema\\\/person\\\/f86d94a497593bfd5eaa2adb106d5582\",\"name\":\"opus\",\"sameAs\":[\"https:\\\/\\\/www.ruch.de\"]}]}<\/script>\n<!-- \/ Yoast SEO plugin. -->","yoast_head_json":{"title":"empreinte \u00e9cologique | RUCH NOVAPLAST","description":"Le calculateur PCF de RUCH NOVAPLAST permet de d\u00e9terminer de mani\u00e8re fiable l'empreinte \u00e9cologique de vos pi\u00e8ces moul\u00e9es en EPP.","robots":{"index":"index","follow":"follow","max-snippet":"max-snippet:-1","max-image-preview":"max-image-preview:large","max-video-preview":"max-video-preview:-1"},"canonical":"https:\/\/www.ruch.de\/fr\/news\/sustainability-as-a-competitive-advantage\/","og_locale":"fr_FR","og_type":"article","og_title":"empreinte \u00e9cologique | RUCH NOVAPLAST","og_description":"Le calculateur PCF de RUCH NOVAPLAST permet de d\u00e9terminer de mani\u00e8re fiable l'empreinte \u00e9cologique de vos pi\u00e8ces moul\u00e9es en EPP.","og_url":"https:\/\/www.ruch.de\/fr\/news\/sustainability-as-a-competitive-advantage\/","og_site_name":"RUCH NOVAPLAST","article_publisher":"https:\/\/www.facebook.com\/ruchnovaplast","article_published_time":"2024-05-15T09:00:58+00:00","article_modified_time":"2026-03-02T14:38:26+00:00","og_image":[{"width":892,"height":664,"url":"https:\/\/www.ruch.de\/wp-content\/uploads\/2025\/01\/epp-nachhaltigkeit-fussabdruck-co2-product-carbon-footprint-kalkulator-ruch-novaplast.png","type":"image\/jpeg"}],"author":"opus","twitter_card":"summary_large_image","twitter_misc":{"\u00c9crit par":"opus","Dur\u00e9e de lecture estim\u00e9e":"2 minutes"},"schema":{"@context":"https:\/\/schema.org","@graph":[{"@type":["Article","BlogPosting"],"@id":"https:\/\/www.ruch.de\/fr\/news\/sustainability-as-a-competitive-advantage\/#article","isPartOf":{"@id":"https:\/\/www.ruch.de\/fr\/news\/sustainability-as-a-competitive-advantage\/"},"author":{"name":"opus","@id":"https:\/\/www.ruch.de\/fr\/#\/schema\/person\/f86d94a497593bfd5eaa2adb106d5582"},"headline":"Le d\u00e9veloppement durable comme avantage concurrentiel","datePublished":"2024-05-15T09:00:58+00:00","dateModified":"2026-03-02T14:38:26+00:00","mainEntityOfPage":{"@id":"https:\/\/www.ruch.de\/fr\/news\/sustainability-as-a-competitive-advantage\/"},"wordCount":379,"publisher":{"@id":"https:\/\/www.ruch.de\/fr\/#organization"},"image":{"@id":"https:\/\/www.ruch.de\/fr\/news\/sustainability-as-a-competitive-advantage\/#primaryimage"},"thumbnailUrl":"https:\/\/www.ruch.de\/wp-content\/uploads\/2025\/01\/epp-nachhaltigkeit-fussabdruck-co2-product-carbon-footprint-kalkulator-ruch-novaplast.png","articleSection":["Durabilit\u00e9","Entreprise"],"inLanguage":"fr-FR"},{"@type":"WebPage","@id":"https:\/\/www.ruch.de\/fr\/news\/sustainability-as-a-competitive-advantage\/","url":"https:\/\/www.ruch.de\/fr\/news\/sustainability-as-a-competitive-advantage\/","name":"empreinte \u00e9cologique | RUCH NOVAPLAST","isPartOf":{"@id":"https:\/\/www.ruch.de\/fr\/#website"},"primaryImageOfPage":{"@id":"https:\/\/www.ruch.de\/fr\/news\/sustainability-as-a-competitive-advantage\/#primaryimage"},"image":{"@id":"https:\/\/www.ruch.de\/fr\/news\/sustainability-as-a-competitive-advantage\/#primaryimage"},"thumbnailUrl":"https:\/\/www.ruch.de\/wp-content\/uploads\/2025\/01\/epp-nachhaltigkeit-fussabdruck-co2-product-carbon-footprint-kalkulator-ruch-novaplast.png","datePublished":"2024-05-15T09:00:58+00:00","dateModified":"2026-03-02T14:38:26+00:00","description":"Le calculateur PCF de RUCH NOVAPLAST permet de d\u00e9terminer de mani\u00e8re fiable l'empreinte \u00e9cologique de vos pi\u00e8ces moul\u00e9es en EPP.","breadcrumb":{"@id":"https:\/\/www.ruch.de\/fr\/news\/sustainability-as-a-competitive-advantage\/#breadcrumb"},"inLanguage":"fr-FR","potentialAction":[{"@type":"ReadAction","target":["https:\/\/www.ruch.de\/fr\/news\/sustainability-as-a-competitive-advantage\/"]}]},{"@type":"ImageObject","inLanguage":"fr-FR","@id":"https:\/\/www.ruch.de\/fr\/news\/sustainability-as-a-competitive-advantage\/#primaryimage","url":"https:\/\/www.ruch.de\/wp-content\/uploads\/2025\/01\/epp-nachhaltigkeit-fussabdruck-co2-product-carbon-footprint-kalkulator-ruch-novaplast.png","contentUrl":"https:\/\/www.ruch.de\/wp-content\/uploads\/2025\/01\/epp-nachhaltigkeit-fussabdruck-co2-product-carbon-footprint-kalkulator-ruch-novaplast.png","width":892,"height":664,"caption":"Empreinte carbone verte CO\u2082 Durabilit\u00e9 | Actualit\u00e9s | RUCH NOVAPLAST GmbH \u00e0 Oberkirch"},{"@type":"BreadcrumbList","@id":"https:\/\/www.ruch.de\/fr\/news\/sustainability-as-a-competitive-advantage\/#breadcrumb","itemListElement":[{"@type":"ListItem","position":1,"name":"Home","item":"https:\/\/www.ruch.de\/fr\/"},{"@type":"ListItem","position":2,"name":"Le d\u00e9veloppement durable comme avantage concurrentiel"}]},{"@type":"WebSite","@id":"https:\/\/www.ruch.de\/fr\/#website","url":"https:\/\/www.ruch.de\/fr\/","name":"www.ruch.de","description":"","publisher":{"@id":"https:\/\/www.ruch.de\/fr\/#organization"},"potentialAction":[{"@type":"SearchAction","target":{"@type":"EntryPoint","urlTemplate":"https:\/\/www.ruch.de\/fr\/?s={search_term_string}"},"query-input":{"@type":"PropertyValueSpecification","valueRequired":true,"valueName":"search_term_string"}}],"inLanguage":"fr-FR"},{"@type":"Organization","@id":"https:\/\/www.ruch.de\/fr\/#organization","name":"RUCH NOVAPLAST GmbH","url":"https:\/\/www.ruch.de\/fr\/","logo":{"@type":"ImageObject","inLanguage":"fr-FR","@id":"https:\/\/www.ruch.de\/fr\/#\/schema\/logo\/image\/","url":"https:\/\/www.ruch.de\/wp-content\/uploads\/2024\/11\/ruch-novaplast-logo-black.svg","contentUrl":"https:\/\/www.ruch.de\/wp-content\/uploads\/2024\/11\/ruch-novaplast-logo-black.svg","width":1802,"height":338,"caption":"RUCH NOVAPLAST GmbH"},"image":{"@id":"https:\/\/www.ruch.de\/fr\/#\/schema\/logo\/image\/"},"sameAs":["https:\/\/www.facebook.com\/ruchnovaplast","https:\/\/www.instagram.com\/ruchnovaplast\/","https:\/\/www.linkedin.com\/company\/ruch-novaplast-gmbh"]},{"@type":"Person","@id":"https:\/\/www.ruch.de\/fr\/#\/schema\/person\/f86d94a497593bfd5eaa2adb106d5582","name":"opus","sameAs":["https:\/\/www.ruch.de"]}]}},"_links":{"self":[{"href":"https:\/\/www.ruch.de\/fr\/wp-json\/wp\/v2\/posts\/4390","targetHints":{"allow":["GET"]}}],"collection":[{"href":"https:\/\/www.ruch.de\/fr\/wp-json\/wp\/v2\/posts"}],"about":[{"href":"https:\/\/www.ruch.de\/fr\/wp-json\/wp\/v2\/types\/post"}],"author":[{"embeddable":true,"href":"https:\/\/www.ruch.de\/fr\/wp-json\/wp\/v2\/users\/1"}],"replies":[{"embeddable":true,"href":"https:\/\/www.ruch.de\/fr\/wp-json\/wp\/v2\/comments?post=4390"}],"version-history":[{"count":4,"href":"https:\/\/www.ruch.de\/fr\/wp-json\/wp\/v2\/posts\/4390\/revisions"}],"predecessor-version":[{"id":8605,"href":"https:\/\/www.ruch.de\/fr\/wp-json\/wp\/v2\/posts\/4390\/revisions\/8605"}],"wp:featuredmedia":[{"embeddable":true,"href":"https:\/\/www.ruch.de\/fr\/wp-json\/wp\/v2\/media\/3336"}],"wp:attachment":[{"href":"https:\/\/www.ruch.de\/fr\/wp-json\/wp\/v2\/media?parent=4390"}],"wp:term":[{"taxonomy":"category","embeddable":true,"href":"https:\/\/www.ruch.de\/fr\/wp-json\/wp\/v2\/categories?post=4390"},{"taxonomy":"post_tag","embeddable":true,"href":"https:\/\/www.ruch.de\/fr\/wp-json\/wp\/v2\/tags?post=4390"}],"curies":[{"name":"wp","href":"https:\/\/api.w.org\/{rel}","templated":true}]}}